{"id":512,"date":"2018-09-05T15:55:23","date_gmt":"2018-09-05T15:55:23","guid":{"rendered":"http:\/\/www.mariareina.org\/oficial\/?p=512"},"modified":"2018-09-05T15:55:23","modified_gmt":"2018-09-05T15:55:23","slug":"hay-que-dar-la-cara-a-la-frustracion","status":"publish","type":"post","link":"https:\/\/www.mariareina.org\/oficial\/2018\/09\/05\/hay-que-dar-la-cara-a-la-frustracion\/","title":{"rendered":"Hay que dar la cara a la frustraci\u00f3n"},"content":{"rendered":"<blockquote class=\"wp-embedded-content\" data-secret=\"VEJspK9MWU\"><p><a href=\"https:\/\/sintesistv.com.mx\/hay-que-dar-la-cara-a-la-frustracion\/\">Hay que dar la cara a la frustraci\u00f3n<\/a><\/p><\/blockquote>\n<p><iframe class=\"wp-embedded-content\" sandbox=\"allow-scripts\" security=\"restricted\" style=\"position: absolute; clip: rect(1px, 1px, 1px, 1px);\" title=\"\u00abHay que dar la cara a la frustraci\u00f3n\u00bb \u2014 S\u00edntesis TV\" src=\"https:\/\/sintesistv.com.mx\/hay-que-dar-la-cara-a-la-frustracion\/embed\/#?secret=lEY2GBqcQi#?secret=VEJspK9MWU\" data-secret=\"VEJspK9MWU\" width=\"600\" height=\"338\" frameborder=\"0\" marginwidth=\"0\" marginheight=\"0\" scrolling=\"no\"><\/iframe><\/p>\n<p><em>La frustraci\u00f3n parece un hecho inevitable en la vida de todas las personas.\u00a0 <\/em><em>Ir profundizando que la vida es un proyecto que se convierte en realidad en la medida en que tropieza y choca.<\/em><\/p>\n<p>Algunos \u00abingredientes\u00bb que propician la frustraci\u00f3n:<\/p>\n<ul>\n<li>La <strong>falta de realismo: <\/strong>los medios disponibles para alcanzar una meta no son los correctos<\/li>\n<li>La <strong>impaciencia<\/strong> que impide el conocimiento. El aprendizaje requiere tiempo y esfuerzo.<\/li>\n<li>La <strong>impulsividad <\/strong>lleva a actuar solo por emociones o sentimientos, sin reflexi\u00f3n.<\/li>\n<li><strong>La falta de serenidad<\/strong> por la que f\u00e1cilmente se deja arrastrar por la ira.<\/li>\n<li><strong>Tolerar mejor mis frustraciones<\/strong>, y m\u00e1s a\u00fan, aprovech\u00e1ndolas para superarme humanamente.<\/li>\n<li><strong>Las frustraciones no siempre tienen un origen externo<\/strong>. Nos llevan a la intimidad con nosotros mismos.<\/li>\n<\/ul>\n<p>\u00bfQu\u00e9 puedo hacer?<\/p>\n<ul>\n<li><em>Tomar conciencia de mis propios l\u00edmites<\/em>, de mi libertad condicionada, de lo absurdo de tomarme tan en serio la espontaneidad de la vida<\/li>\n<li><em>Liberarnos de esa falsa visi\u00f3n que niega que la vida sea l<\/em>ucha, que requiere de esfuerzo, disciplina, virtudes, y que el sabor de la misma, se obtiene al vencer las dificultades y contradicciones que se dan en un entretejido de tristezas, alegr\u00edas, \u00a0\u00e9xitos y fracasos.<\/li>\n<li>Sin duda, Vencer la frustraci\u00f3n es un proceso.<\/li>\n<\/ul>\n<p>&nbsp;<\/p>\n","protected":false},"excerpt":{"rendered":"<p>Hay que dar la cara a la frustraci\u00f3n La frustraci\u00f3n parece un hecho inevitable en la vida de todas las [&hellip;]<\/p>\n","protected":false},"author":2,"featured_media":513,"comment_status":"open","ping_status":"open","sticky":false,"template":"","format":"standard","meta":[],"categories":[7,6,3],"tags":[],"_links":{"self":[{"href":"https:\/\/www.mariareina.org\/oficial\/wp-json\/wp\/v2\/posts\/512"}],"collection":[{"href":"https:\/\/www.mariareina.org\/oficial\/wp-json\/wp\/v2\/posts"}],"about":[{"href":"https:\/\/www.mariareina.org\/oficial\/wp-json\/wp\/v2\/types\/post"}],"author":[{"embeddable":true,"href":"https:\/\/www.mariareina.org\/oficial\/wp-json\/wp\/v2\/users\/2"}],"replies":[{"embeddable":true,"href":"https:\/\/www.mariareina.org\/oficial\/wp-json\/wp\/v2\/comments?post=512"}],"version-history":[{"count":1,"href":"https:\/\/www.mariareina.org\/oficial\/wp-json\/wp\/v2\/posts\/512\/revisions"}],"predecessor-version":[{"id":514,"href":"https:\/\/www.mariareina.org\/oficial\/wp-json\/wp\/v2\/posts\/512\/revisions\/514"}],"wp:featuredmedia":[{"embeddable":true,"href":"https:\/\/www.mariareina.org\/oficial\/wp-json\/wp\/v2\/media\/513"}],"wp:attachment":[{"href":"https:\/\/www.mariareina.org\/oficial\/wp-json\/wp\/v2\/media?parent=512"}],"wp:term":[{"taxonomy":"category","embeddable":true,"href":"https:\/\/www.mariareina.org\/oficial\/wp-json\/wp\/v2\/categories?post=512"},{"taxonomy":"post_tag","embeddable":true,"href":"https:\/\/www.mariareina.org\/oficial\/wp-json\/wp\/v2\/tags?post=512"}],"curies":[{"name":"wp","href":"https:\/\/api.w.org\/{rel}","templated":true}]}}