{"id":496,"date":"2018-07-27T00:22:52","date_gmt":"2018-07-27T00:22:52","guid":{"rendered":"http:\/\/www.mariareina.org\/oficial\/?p=496"},"modified":"2018-07-27T00:22:52","modified_gmt":"2018-07-27T00:22:52","slug":"papa-francisco-no-necesitamos-gritos-ni-esloganes-sino-apostar-por-el-dialogo","status":"publish","type":"post","link":"https:\/\/www.mariareina.org\/oficial\/2018\/07\/27\/papa-francisco-no-necesitamos-gritos-ni-esloganes-sino-apostar-por-el-dialogo\/","title":{"rendered":"Papa Francisco: No necesitamos gritos, ni esl\u00f3ganes, sino apostar por el di\u00e1logo"},"content":{"rendered":"<p>\u00abNo hay necesidad de esl\u00f3ganes gritados que a menudo se quedan vac\u00edos o antagonismos de partidos que se confrontan para conquistar el escenario\u00bb. Es parte del mensaje escrito del Papa Francisco, enviado a los 500 te\u00f3logos reunidos en Sarajevo: ecolog\u00eda y migraciones en las mesas de discusi\u00f3n, en la b\u00fasqueda de la necesidad de construir puentes y no muros\u00bb, explicando la necesiad de \u00abun liderazgo que sea capaz de ayudar a encontrar y poner en pr\u00e1ctica un modo m\u00e1s justo para vivir en este mundo y compartir un destino com\u00fan\u00bb.<\/p>\n<p>Afirmando en su mensaje escrito que \u00absin renunciar a la prudencia, estamos llamados a reconocer cada signo y movilizar todas nuestras energ\u00edas para remover los muros de la divisi\u00f3n y construir puentes de fraternidad por doquier en el mundo\u00bb.<\/p>\n<p>\u00abEn este escenario complejo y exigente \u2013subraya el Papa Francisco\u2013 se necesitan personas e instituciones capaces de asumir un liderazgo renovado. No se necesitan, por el contrario, esl\u00f3ganes ni gritos que a menudo permanecen vac\u00edos o antagonismos de partidos que se confrontan para conquistar el escenario. Necesitamos un liderazgo capaz de ayudar a encontrar y poner en pr\u00e1ctica una manera justa para vivir en este mundo y compartir un destino com\u00fan\u00bb.<\/p>\n<p>La tarea com\u00fan es entonces, buscar sinceramente y con buena voluntad una convergencia de propuestas, en una apertura dial\u00f3gica y en la discusi\u00f3n de las diferentes perspectivas.<\/p>\n<p>&nbsp;<\/p>\n<p>&nbsp;<\/p>\n<p>&nbsp;<\/p>\n","protected":false},"excerpt":{"rendered":"<p>\u00abNo hay necesidad de esl\u00f3ganes gritados que a menudo se quedan vac\u00edos o antagonismos de partidos que se confrontan para [&hellip;]<\/p>\n","protected":false},"author":2,"featured_media":497,"comment_status":"open","ping_status":"open","sticky":false,"template":"","format":"standard","meta":[],"categories":[6,3],"tags":[],"_links":{"self":[{"href":"https:\/\/www.mariareina.org\/oficial\/wp-json\/wp\/v2\/posts\/496"}],"collection":[{"href":"https:\/\/www.mariareina.org\/oficial\/wp-json\/wp\/v2\/posts"}],"about":[{"href":"https:\/\/www.mariareina.org\/oficial\/wp-json\/wp\/v2\/types\/post"}],"author":[{"embeddable":true,"href":"https:\/\/www.mariareina.org\/oficial\/wp-json\/wp\/v2\/users\/2"}],"replies":[{"embeddable":true,"href":"https:\/\/www.mariareina.org\/oficial\/wp-json\/wp\/v2\/comments?post=496"}],"version-history":[{"count":1,"href":"https:\/\/www.mariareina.org\/oficial\/wp-json\/wp\/v2\/posts\/496\/revisions"}],"predecessor-version":[{"id":498,"href":"https:\/\/www.mariareina.org\/oficial\/wp-json\/wp\/v2\/posts\/496\/revisions\/498"}],"wp:featuredmedia":[{"embeddable":true,"href":"https:\/\/www.mariareina.org\/oficial\/wp-json\/wp\/v2\/media\/497"}],"wp:attachment":[{"href":"https:\/\/www.mariareina.org\/oficial\/wp-json\/wp\/v2\/media?parent=496"}],"wp:term":[{"taxonomy":"category","embeddable":true,"href":"https:\/\/www.mariareina.org\/oficial\/wp-json\/wp\/v2\/categories?post=496"},{"taxonomy":"post_tag","embeddable":true,"href":"https:\/\/www.mariareina.org\/oficial\/wp-json\/wp\/v2\/tags?post=496"}],"curies":[{"name":"wp","href":"https:\/\/api.w.org\/{rel}","templated":true}]}}