{"id":493,"date":"2018-07-04T20:02:21","date_gmt":"2018-07-04T20:02:21","guid":{"rendered":"http:\/\/www.mariareina.org\/oficial\/?p=493"},"modified":"2018-07-04T20:02:21","modified_gmt":"2018-07-04T20:02:21","slug":"la-filosofia-de-portero-del-papa-francisco-atajar-lo-que-venga-de-la-vida","status":"publish","type":"post","link":"https:\/\/www.mariareina.org\/oficial\/2018\/07\/04\/la-filosofia-de-portero-del-papa-francisco-atajar-lo-que-venga-de-la-vida\/","title":{"rendered":"La filosof\u00eda de portero del papa Francisco: Atajar lo que venga de la vida"},"content":{"rendered":"<p>De: <a href=\"https:\/\/es.aleteia.org\/author\/ary-waldir-ramos-diaz\/\">Ary Waldir Ramos D\u00edaz\u00a0ALETEIA<\/a><\/p>\n<p>Hace tiempo el Papa Francisco, ofreci\u00f3 al Villareal CF un discurso motivador para todo aquel que enfrente momentos dif\u00edciles y obst\u00e1culos en la vida<\/p>\n<p>El papa Francisco explic\u00f3 c\u00f3mo enfrenta las tantas dificultades y problemas de todos los d\u00edas en su ministerio pastoral inspir\u00e1ndose en el f\u00fatbol y especialmente en la posici\u00f3n del portero, jugador de f\u00fatbol que defiende la porter\u00eda de su equipo.<\/p>\n<p>\u201cEl f\u00fatbol, como los dem\u00e1s deportes, es imagen de la vida y de la sociedad\u201d, durante la audiencia a los futbolistas, los entrenadores y los dirigentes del equipo espa\u00f1ol del Villareal CF que llegaron a Roma para el pr\u00f3ximo partido de la Liga Europea 2017.<\/p>\n<p>\u201cA m\u00ed me ayuda mucho pensar en el f\u00fatbol porque me gusta, y me ayuda. Pero cuando suelo pensar m\u00e1s es al portero. \u00bfPor qu\u00e9? Porque \u00e9l tiene que atajar la pelota de donde se la patean, no sabe de d\u00f3nde vendr\u00e1. Y la vida es as\u00ed.<\/p>\n<p><strong>Hay que tomar las cosas de donde vienen y como vienen<\/strong>. Y cuando yo me encuentro frente a situaciones que no esperaba, que hay que resolver y vinieron de ac\u00e1 cuando yo las esperaba de all\u00e1, pienso en el portero, as\u00ed que los tengo muy presentes. Gracias\u201d, dijo Francisco en la Sala Clementina del Palacio Apost\u00f3lico del Vaticano.<\/p>\n<p>El Villarreal Club de F\u00fatbol est\u00e1 en busca de un milagro que le ayude a pasar a los octavos de final de la Europa League y juega esta tarde el partido de vuelta con el equipo local, Roma AS, para remontar 0-4 de la ida.<\/p>\n<p>La Iglesia, la vida, la sociedad las ve como un equipo que juega unido para ganar, en el campo se necesita unos a otros. \u201cCada jugador pone su profesionalidad y habilidad en beneficio de un ideal com\u00fan\u201d.<\/p>\n<p>\u201c<strong>Se necesita mucho entrenamiento<\/strong>; pero tambi\u00e9n es importante invertir tiempo y esfuerzo en <strong>fortalecer el esp\u00edritu del equipo<\/strong>, para lograr crear esa conexi\u00f3n de movimientos: una simple mirada, un peque\u00f1o gesto, una expresi\u00f3n comunican tantas cosas en el campo\u2026\u201d<strong>, <\/strong>sostuvo.<\/p>\n<p>Francisco asegur\u00f3 que se necesita <strong>\u201cesp\u00edritu de compa\u00f1erismo\u201d<\/strong>, dejar de lado el \u201c<strong>individualismo o las aspiraciones personales<\/strong>. Si se juega pensando en el bien del grupo, entonces es m\u00e1s f\u00e1cil obtener la victoria\u201d.<\/p>\n<p><strong>Juego, diversi\u00f3n, educaci\u00f3n y transmisi\u00f3n de valores van da la mano<\/strong><\/p>\n<p>El Obispo de Roma asegur\u00f3 que los jugadores tienen una gran responsabilidad ante los m\u00e1s j\u00f3venes. Esto \u201cles debe motivar para dar lo mejor de ustedes mismos para ejercitar esos valores que en el f\u00fatbol tienen que ser palpables: <strong>el compa\u00f1erismo, el esfuerzo personal, la belleza del juego, el juego de equipo\u201d<\/strong>.<\/p>\n<p><strong>El buen jugador de la vida, como en el deporte, es agradecido<\/strong>. \u201cSi pensamos en nuestra vida, podemos traer a la memoria el recuerdo de tantas personas que nos han ayudado y sin las cuales no estar\u00edamos aqu\u00ed\u201d.<\/p>\n<p><strong>El secreto para no sentirnos superiores<\/strong> es recordar con qui\u00e9n hemos jugado el partido de la vida. \u201cEste recuerdo nos hace bien, para no sentirnos superiores sino tomar conciencia de que somos parte de un gran equipo que empez\u00f3 a formarse desde hace ya tiempo. Sentir de este modo nos ayuda a crecer como personas, porque nuestro \u201cjuego\u201d no es s\u00f3lo nuestro, sino tambi\u00e9n el de los dem\u00e1s, que de alg\u00fan modo forman parte de nuestras vidas\u201d.<\/p>\n<p>El papa Francisco anim\u00f3 a \u201c<strong>seguir jugando dando lo m\u00e1s bello y mejor de ustedes<\/strong> para que otros puedan disfrutar de esos momentos agradables que hacen la jornada diferente\u201d.<\/p>\n","protected":false},"excerpt":{"rendered":"<p>De: Ary Waldir Ramos D\u00edaz\u00a0ALETEIA Hace tiempo el Papa Francisco, ofreci\u00f3 al Villareal CF un discurso motivador para todo aquel [&hellip;]<\/p>\n","protected":false},"author":2,"featured_media":492,"comment_status":"open","ping_status":"open","sticky":false,"template":"","format":"standard","meta":[],"categories":[7,6,3],"tags":[],"_links":{"self":[{"href":"https:\/\/www.mariareina.org\/oficial\/wp-json\/wp\/v2\/posts\/493"}],"collection":[{"href":"https:\/\/www.mariareina.org\/oficial\/wp-json\/wp\/v2\/posts"}],"about":[{"href":"https:\/\/www.mariareina.org\/oficial\/wp-json\/wp\/v2\/types\/post"}],"author":[{"embeddable":true,"href":"https:\/\/www.mariareina.org\/oficial\/wp-json\/wp\/v2\/users\/2"}],"replies":[{"embeddable":true,"href":"https:\/\/www.mariareina.org\/oficial\/wp-json\/wp\/v2\/comments?post=493"}],"version-history":[{"count":1,"href":"https:\/\/www.mariareina.org\/oficial\/wp-json\/wp\/v2\/posts\/493\/revisions"}],"predecessor-version":[{"id":494,"href":"https:\/\/www.mariareina.org\/oficial\/wp-json\/wp\/v2\/posts\/493\/revisions\/494"}],"wp:featuredmedia":[{"embeddable":true,"href":"https:\/\/www.mariareina.org\/oficial\/wp-json\/wp\/v2\/media\/492"}],"wp:attachment":[{"href":"https:\/\/www.mariareina.org\/oficial\/wp-json\/wp\/v2\/media?parent=493"}],"wp:term":[{"taxonomy":"category","embeddable":true,"href":"https:\/\/www.mariareina.org\/oficial\/wp-json\/wp\/v2\/categories?post=493"},{"taxonomy":"post_tag","embeddable":true,"href":"https:\/\/www.mariareina.org\/oficial\/wp-json\/wp\/v2\/tags?post=493"}],"curies":[{"name":"wp","href":"https:\/\/api.w.org\/{rel}","templated":true}]}}