{"id":461,"date":"2018-05-27T00:37:14","date_gmt":"2018-05-27T00:37:14","guid":{"rendered":"http:\/\/www.mariareina.org\/oficial\/?p=461"},"modified":"2018-05-27T00:37:14","modified_gmt":"2018-05-27T00:37:14","slug":"poder-y-dinero-la-justicia-social-segun-bergoglio","status":"publish","type":"post","link":"https:\/\/www.mariareina.org\/oficial\/2018\/05\/27\/poder-y-dinero-la-justicia-social-segun-bergoglio\/","title":{"rendered":"\u201cPoder y Dinero. La justicia social seg\u00fan Bergoglio\u201d"},"content":{"rendered":"<p><strong>(Rome_Reports) MICHELE ZANZUCCHI<\/strong>, Autor del libro\u00a0\u201cPoder y Dinero. La justicia social seg\u00fan Bergoglio\u201d. \u201c<em>El pensamiento de Bergoglio es radicalmente evang\u00e9lico. Se funda en el Evangelio de los pobres. Sus declaraciones no son, digamos, sociol\u00f3gicas, son siempre declaraciones evang\u00e9licas, teol\u00f3gicas. Esto no hay que olvidarlo nunca\u201d.<\/em><\/p>\n<p>De hecho, Francisco ha escrito el prefacio de su libro \u201cPoder y Dinero. La justicia social seg\u00fan Bergoglio\u201d.\u00a0 La justicia social seg\u00fan Bergoglio\u201d \u201c<em>Le dije que ten\u00eda inter\u00e9s en desarrollar su pensamiento sobre el poder y el dinero, sobre los mecanismos de las finanzas que a nivel internacional influyen en la opini\u00f3n p\u00fablica de todo el mundo. El Papa me dijo: me interesa mucho esto, adelante. Te doy todas mis bendiciones. FLASH En este prefacio a\u00f1ade una cosa con respecto a todas las que dijo en sus discursos: dice que es importante introducir las virtudes teologales en la vida econ\u00f3mica. Es decir, que la esperanza, la caridad y la fe son un modelo que puede y debe funcionar tambi\u00e9n en la econom\u00eda\u201d.<\/em><\/p>\n<p>La justicia social seg\u00fan Bergoglio\u201d \u201c<em>Es necesario entender que la globalizaci\u00f3n, mediante el control de los mecanismos del poder pol\u00edtico y econ\u00f3mico, condiciona nuestras conciencias y por eso el Papa dice: cuidado. Hay que ir con cuidado y no dejarse manipular\u201d.<\/em><\/p>\n<p><strong>El Papa <\/strong>Francisco mira con preocupaci\u00f3n las paradojas de la globalizaci\u00f3n: un mundo m\u00e1s conectado que en lugar de mejorar las oportunidades de los m\u00e1s d\u00e9biles se aprovecha de ellos para beneficiar a unos pocos.<\/p>\n<p><iframe loading=\"lazy\" title=\"Recopilan las ideas de Francisco sobre econom\u00eda, poder y dinero\" width=\"680\" height=\"383\" src=\"https:\/\/www.youtube.com\/embed\/zZdXZsz4q4s?feature=oembed\" frameborder=\"0\" allow=\"accelerometer; autoplay; clipboard-write; encrypted-media; gyroscope; picture-in-picture\" allowfullscreen><\/iframe><\/p>\n<p>&nbsp;<\/p>\n","protected":false},"excerpt":{"rendered":"<p>(Rome_Reports) MICHELE ZANZUCCHI, Autor del libro\u00a0\u201cPoder y Dinero. La justicia social seg\u00fan Bergoglio\u201d. \u201cEl pensamiento de Bergoglio es radicalmente evang\u00e9lico. [&hellip;]<\/p>\n","protected":false},"author":2,"featured_media":462,"comment_status":"open","ping_status":"open","sticky":false,"template":"","format":"standard","meta":[],"categories":[7,6,3],"tags":[],"_links":{"self":[{"href":"https:\/\/www.mariareina.org\/oficial\/wp-json\/wp\/v2\/posts\/461"}],"collection":[{"href":"https:\/\/www.mariareina.org\/oficial\/wp-json\/wp\/v2\/posts"}],"about":[{"href":"https:\/\/www.mariareina.org\/oficial\/wp-json\/wp\/v2\/types\/post"}],"author":[{"embeddable":true,"href":"https:\/\/www.mariareina.org\/oficial\/wp-json\/wp\/v2\/users\/2"}],"replies":[{"embeddable":true,"href":"https:\/\/www.mariareina.org\/oficial\/wp-json\/wp\/v2\/comments?post=461"}],"version-history":[{"count":1,"href":"https:\/\/www.mariareina.org\/oficial\/wp-json\/wp\/v2\/posts\/461\/revisions"}],"predecessor-version":[{"id":463,"href":"https:\/\/www.mariareina.org\/oficial\/wp-json\/wp\/v2\/posts\/461\/revisions\/463"}],"wp:featuredmedia":[{"embeddable":true,"href":"https:\/\/www.mariareina.org\/oficial\/wp-json\/wp\/v2\/media\/462"}],"wp:attachment":[{"href":"https:\/\/www.mariareina.org\/oficial\/wp-json\/wp\/v2\/media?parent=461"}],"wp:term":[{"taxonomy":"category","embeddable":true,"href":"https:\/\/www.mariareina.org\/oficial\/wp-json\/wp\/v2\/categories?post=461"},{"taxonomy":"post_tag","embeddable":true,"href":"https:\/\/www.mariareina.org\/oficial\/wp-json\/wp\/v2\/tags?post=461"}],"curies":[{"name":"wp","href":"https:\/\/api.w.org\/{rel}","templated":true}]}}